{"id":44074,"date":"2022-06-08T08:17:50","date_gmt":"2022-06-08T06:17:50","guid":{"rendered":"https:\/\/www.swiss-composite.ch\/?p=44074"},"modified":"2022-06-08T08:17:51","modified_gmt":"2022-06-08T06:17:51","slug":"saertex-suter-kunststoffe-est-partenaire-de-distribution-en-suisse-2","status":"publish","type":"post","link":"https:\/\/www.swiss-composite.ch\/fr\/saertex-suter-kunststoffe-est-partenaire-de-distribution-en-suisse-2\/","title":{"rendered":"SAERTEX : Suter Kunststoffe est partenaire de distribution en Suisse"},"content":{"rendered":"<div class='avia-image-container  av-styling-     avia-align-center '  itemscope=\"itemscope\" itemtype=\"https:\/\/schema.org\/ImageObject\"  ><div class='avia-image-container-inner'><a href='https:\/\/www.saertex.com\/' class='avia_image'   target=\"_blank\" ><img class='avia_image ' src='https:\/\/www.swiss-composite.ch\/wp-content\/uploads\/2021\/12\/Diab_logo_RGB_mittel.jpg' alt='' title='Diab_logo_RGB_mittel'  itemprop=\"thumbnailUrl\"  \/><\/a><\/div><\/div>\n<div  class='hr hr-default  '><span class='hr-inner ' ><span class='hr-inner-style'><\/span><\/span><\/div>\n<section class=\"av_textblock_section \"  itemscope=\"itemscope\" itemtype=\"https:\/\/schema.org\/BlogPosting\" itemprop=\"blogPost\" ><div class='avia_textblock  '   itemprop=\"text\" ><p>Die Suter Kunststoffe AG ist der neue Vertriebspartner f\u00fcr den Schweizer Markt f\u00fcr Kernmaterialien aus europ\u00e4ischer Produktion der Diab Group (Schweden).<\/p>\n<p>Diab bietet verschiedenstes Plattenmaterial in PVC, PET, PES und Balsa in diversen Dichten und auf Wunsch mit Finishs wie Perforationen und\/oder Rillungen an.<\/p>\n<p>Unser Standardsortiment welches wir in Fraubrunnen ab Lager f\u00fchren, umfasst aktuell haupts\u00e4chlich den Typen Divinycell H80 mit einer Rohdichte von 80kg\/m\u00b3.<br \/>\nProdukte aus dem Diab-Sortiment welche nicht in unserem Sortiment zu finden sind, beschaffen wir gerne f\u00fcr Sie.<br \/>\n<a href=\"mailto:info@swiss-composite.ch\">Fragen Sie uns an<\/a>.<\/p>\n<hr \/>\n<p><a href=\"https:\/\/www.diabgroup.com\/\" target=\"_blank\" rel=\"noopener\">www.diabgroup.com\/<\/a><br \/>\n<a href=\"http:\/\/www.swiss-composite.ch\/\" target=\"_blank\" rel=\"noopener\">www.swiss-composite.ch<\/a><br \/>\n<a href=\"http:\/\/shop.swiss-composite.ch\/\" target=\"_blank\" rel=\"noopener\">shop.swiss-composite.ch<\/a><\/p>\n<\/div><\/section>\n<div class=\"flex_column av_one_half  flex_column_div av-zero-column-padding first  \" style='border-radius:0px; '><div class='avia-image-container  av-styling-     avia-align-center '  itemscope=\"itemscope\" itemtype=\"https:\/\/schema.org\/ImageObject\"  ><div class='avia-image-container-inner'><img class='avia_image ' src='https:\/\/www.swiss-composite.ch\/wp-content\/uploads\/2021\/12\/Diab-H80_nb-495x400.jpg' alt='' title='Diab H80_nb'   itemprop=\"thumbnailUrl\"  \/><\/div><\/div><\/div>\n<div class=\"flex_column av_one_half  flex_column_div av-zero-column-padding   \" style='border-radius:0px; '><div class='avia-image-container  av-styling-     avia-align-center '  itemscope=\"itemscope\" itemtype=\"https:\/\/schema.org\/ImageObject\"  ><div class='avia-image-container-inner'><img class='avia_image ' src='https:\/\/www.swiss-composite.ch\/wp-content\/uploads\/2021\/12\/Diab-H80-495x400.jpg' alt='' title='Diab H80'   itemprop=\"thumbnailUrl\"  \/><\/div><\/div><\/div>\n","protected":false},"excerpt":{"rendered":"","protected":false},"author":4,"featured_media":44183,"comment_status":"closed","ping_status":"closed","sticky":false,"template":"","format":"standard","meta":{"footnotes":""},"categories":[498,478,477],"tags":[],"class_list":["post-44074","post","type-post","status-publish","format-standard","has-post-thumbnail","hentry","category-communiques-de-presse","category-composite-news-fr","category-nouveaux-produits"],"yoast_head":"<!-- This site is optimized with the Yoast SEO plugin v28.3 - https:\/\/yoast.com\/product\/yoast-seo-wordpress\/ -->\n<title>SAERTEX : Suter Kunststoffe est partenaire de distribution en Suisse<\/title>\n<meta name=\"description\" content=\"Suter Kunststoffe AG est le nouveau partenaire de distribution commerciale pour le march\u00e9 suisse de SAERTEX GmbH &amp; Co.KG.\" \/>\n<meta name=\"robots\" content=\"index, follow, max-snippet:-1, max-image-preview:large, max-video-preview:-1\" \/>\n<link rel=\"canonical\" href=\"https:\/\/www.swiss-composite.ch\/fr\/saertex-suter-kunststoffe-est-partenaire-de-distribution-en-suisse-2\/\" \/>\n<meta property=\"og:locale\" content=\"fr_FR\" \/>\n<meta property=\"og:type\" content=\"article\" \/>\n<meta property=\"og:title\" content=\"SAERTEX : Suter Kunststoffe est partenaire de distribution en Suisse\" \/>\n<meta property=\"og:description\" content=\"Suter Kunststoffe AG est le nouveau partenaire de distribution commerciale pour le march\u00e9 suisse de SAERTEX GmbH &amp; Co.KG.\" \/>\n<meta property=\"og:url\" content=\"https:\/\/www.swiss-composite.ch\/fr\/saertex-suter-kunststoffe-est-partenaire-de-distribution-en-suisse-2\/\" \/>\n<meta property=\"og:site_name\" content=\"Suter Kunststoffe AG\" \/>\n<meta property=\"article:published_time\" content=\"2022-06-08T06:17:50+00:00\" \/>\n<meta property=\"article:modified_time\" content=\"2022-06-08T06:17:51+00:00\" \/>\n<meta property=\"og:image\" content=\"https:\/\/www.swiss-composite.ch\/wp-content\/uploads\/2021\/12\/Diab_logo_RGB_564x200.jpg\" \/>\n\t<meta property=\"og:image:width\" content=\"564\" \/>\n\t<meta property=\"og:image:height\" content=\"200\" \/>\n\t<meta property=\"og:image:type\" content=\"image\/jpeg\" \/>\n<meta name=\"author\" content=\"Suter Kunststoffe AG\" \/>\n<meta name=\"twitter:label1\" content=\"\u00c9crit par\" \/>\n\t<meta name=\"twitter:data1\" content=\"Suter Kunststoffe AG\" \/>\n\t<meta name=\"twitter:label2\" content=\"Dur\u00e9e de lecture estim\u00e9e\" \/>\n\t<meta name=\"twitter:data2\" content=\"2 minutes\" \/>\n<script type=\"application\/ld+json\" class=\"yoast-schema-graph\">{\"@context\":\"https:\\\/\\\/schema.org\",\"@graph\":[{\"@type\":\"Article\",\"@id\":\"https:\\\/\\\/www.swiss-composite.ch\\\/fr\\\/saertex-suter-kunststoffe-est-partenaire-de-distribution-en-suisse-2\\\/#article\",\"isPartOf\":{\"@id\":\"https:\\\/\\\/www.swiss-composite.ch\\\/fr\\\/saertex-suter-kunststoffe-est-partenaire-de-distribution-en-suisse-2\\\/\"},\"author\":{\"name\":\"Suter Kunststoffe AG\",\"@id\":\"https:\\\/\\\/www.swiss-composite.ch\\\/fr\\\/#\\\/schema\\\/person\\\/a646bbcd7ce95b76528e4ba160c9f107\"},\"headline\":\"SAERTEX : Suter Kunststoffe est partenaire de distribution en Suisse\",\"datePublished\":\"2022-06-08T06:17:50+00:00\",\"dateModified\":\"2022-06-08T06:17:51+00:00\",\"mainEntityOfPage\":{\"@id\":\"https:\\\/\\\/www.swiss-composite.ch\\\/fr\\\/saertex-suter-kunststoffe-est-partenaire-de-distribution-en-suisse-2\\\/\"},\"wordCount\":380,\"image\":{\"@id\":\"https:\\\/\\\/www.swiss-composite.ch\\\/fr\\\/saertex-suter-kunststoffe-est-partenaire-de-distribution-en-suisse-2\\\/#primaryimage\"},\"thumbnailUrl\":\"https:\\\/\\\/www.swiss-composite.ch\\\/wp-content\\\/uploads\\\/2021\\\/12\\\/Diab_logo_RGB_564x200.jpg\",\"articleSection\":[\"Communiqu\u00e9s de presse\",\"Composite News\",\"Nouveaux produits\"],\"inLanguage\":\"fr-FR\"},{\"@type\":\"WebPage\",\"@id\":\"https:\\\/\\\/www.swiss-composite.ch\\\/fr\\\/saertex-suter-kunststoffe-est-partenaire-de-distribution-en-suisse-2\\\/\",\"url\":\"https:\\\/\\\/www.swiss-composite.ch\\\/fr\\\/saertex-suter-kunststoffe-est-partenaire-de-distribution-en-suisse-2\\\/\",\"name\":\"SAERTEX : Suter Kunststoffe est partenaire de distribution en Suisse\",\"isPartOf\":{\"@id\":\"https:\\\/\\\/www.swiss-composite.ch\\\/fr\\\/#website\"},\"primaryImageOfPage\":{\"@id\":\"https:\\\/\\\/www.swiss-composite.ch\\\/fr\\\/saertex-suter-kunststoffe-est-partenaire-de-distribution-en-suisse-2\\\/#primaryimage\"},\"image\":{\"@id\":\"https:\\\/\\\/www.swiss-composite.ch\\\/fr\\\/saertex-suter-kunststoffe-est-partenaire-de-distribution-en-suisse-2\\\/#primaryimage\"},\"thumbnailUrl\":\"https:\\\/\\\/www.swiss-composite.ch\\\/wp-content\\\/uploads\\\/2021\\\/12\\\/Diab_logo_RGB_564x200.jpg\",\"datePublished\":\"2022-06-08T06:17:50+00:00\",\"dateModified\":\"2022-06-08T06:17:51+00:00\",\"author\":{\"@id\":\"https:\\\/\\\/www.swiss-composite.ch\\\/fr\\\/#\\\/schema\\\/person\\\/a646bbcd7ce95b76528e4ba160c9f107\"},\"description\":\"Suter Kunststoffe AG est le nouveau partenaire de distribution commerciale pour le march\u00e9 suisse de SAERTEX GmbH & Co.KG.\",\"breadcrumb\":{\"@id\":\"https:\\\/\\\/www.swiss-composite.ch\\\/fr\\\/saertex-suter-kunststoffe-est-partenaire-de-distribution-en-suisse-2\\\/#breadcrumb\"},\"inLanguage\":\"fr-FR\",\"potentialAction\":[{\"@type\":\"ReadAction\",\"target\":[\"https:\\\/\\\/www.swiss-composite.ch\\\/fr\\\/saertex-suter-kunststoffe-est-partenaire-de-distribution-en-suisse-2\\\/\"]}]},{\"@type\":\"ImageObject\",\"inLanguage\":\"fr-FR\",\"@id\":\"https:\\\/\\\/www.swiss-composite.ch\\\/fr\\\/saertex-suter-kunststoffe-est-partenaire-de-distribution-en-suisse-2\\\/#primaryimage\",\"url\":\"https:\\\/\\\/www.swiss-composite.ch\\\/wp-content\\\/uploads\\\/2021\\\/12\\\/Diab_logo_RGB_564x200.jpg\",\"contentUrl\":\"https:\\\/\\\/www.swiss-composite.ch\\\/wp-content\\\/uploads\\\/2021\\\/12\\\/Diab_logo_RGB_564x200.jpg\",\"width\":564,\"height\":200},{\"@type\":\"BreadcrumbList\",\"@id\":\"https:\\\/\\\/www.swiss-composite.ch\\\/fr\\\/saertex-suter-kunststoffe-est-partenaire-de-distribution-en-suisse-2\\\/#breadcrumb\",\"itemListElement\":[{\"@type\":\"ListItem\",\"position\":1,\"name\":\"Home\",\"item\":\"https:\\\/\\\/www.swiss-composite.ch\\\/fr\\\/\"},{\"@type\":\"ListItem\",\"position\":2,\"name\":\"SAERTEX : Suter Kunststoffe est partenaire de distribution en Suisse\"}]},{\"@type\":\"WebSite\",\"@id\":\"https:\\\/\\\/www.swiss-composite.ch\\\/fr\\\/#website\",\"url\":\"https:\\\/\\\/www.swiss-composite.ch\\\/fr\\\/\",\"name\":\"Suter Kunststoffe AG\",\"description\":\"Faserverbund- und Fl\u00fcssigkunststoffe\",\"potentialAction\":[{\"@type\":\"SearchAction\",\"target\":{\"@type\":\"EntryPoint\",\"urlTemplate\":\"https:\\\/\\\/www.swiss-composite.ch\\\/fr\\\/?s={search_term_string}\"},\"query-input\":{\"@type\":\"PropertyValueSpecification\",\"valueRequired\":true,\"valueName\":\"search_term_string\"}}],\"inLanguage\":\"fr-FR\"},{\"@type\":\"Person\",\"@id\":\"https:\\\/\\\/www.swiss-composite.ch\\\/fr\\\/#\\\/schema\\\/person\\\/a646bbcd7ce95b76528e4ba160c9f107\",\"name\":\"Suter Kunststoffe AG\",\"image\":{\"@type\":\"ImageObject\",\"inLanguage\":\"fr-FR\",\"@id\":\"https:\\\/\\\/secure.gravatar.com\\\/avatar\\\/63ec3aaebfe08e596023d82366a2408d13eca6bfd009f8b95bd27ab6c0c7f295?s=96&d=mm&r=g\",\"url\":\"https:\\\/\\\/secure.gravatar.com\\\/avatar\\\/63ec3aaebfe08e596023d82366a2408d13eca6bfd009f8b95bd27ab6c0c7f295?s=96&d=mm&r=g\",\"contentUrl\":\"https:\\\/\\\/secure.gravatar.com\\\/avatar\\\/63ec3aaebfe08e596023d82366a2408d13eca6bfd009f8b95bd27ab6c0c7f295?s=96&d=mm&r=g\",\"caption\":\"Suter Kunststoffe AG\"},\"url\":\"https:\\\/\\\/www.swiss-composite.ch\\\/fr\\\/author\\\/christian\\\/\"}]}<\/script>\n<!-- \/ Yoast SEO plugin. -->","yoast_head_json":{"title":"SAERTEX : Suter Kunststoffe est partenaire de distribution en Suisse","description":"Suter Kunststoffe AG est le nouveau partenaire de distribution commerciale pour le march\u00e9 suisse de SAERTEX GmbH & Co.KG.","robots":{"index":"index","follow":"follow","max-snippet":"max-snippet:-1","max-image-preview":"max-image-preview:large","max-video-preview":"max-video-preview:-1"},"canonical":"https:\/\/www.swiss-composite.ch\/fr\/saertex-suter-kunststoffe-est-partenaire-de-distribution-en-suisse-2\/","og_locale":"fr_FR","og_type":"article","og_title":"SAERTEX : Suter Kunststoffe est partenaire de distribution en Suisse","og_description":"Suter Kunststoffe AG est le nouveau partenaire de distribution commerciale pour le march\u00e9 suisse de SAERTEX GmbH & Co.KG.","og_url":"https:\/\/www.swiss-composite.ch\/fr\/saertex-suter-kunststoffe-est-partenaire-de-distribution-en-suisse-2\/","og_site_name":"Suter Kunststoffe AG","article_published_time":"2022-06-08T06:17:50+00:00","article_modified_time":"2022-06-08T06:17:51+00:00","og_image":[{"width":564,"height":200,"url":"https:\/\/www.swiss-composite.ch\/wp-content\/uploads\/2021\/12\/Diab_logo_RGB_564x200.jpg","type":"image\/jpeg"}],"author":"Suter Kunststoffe AG","twitter_misc":{"\u00c9crit par":"Suter Kunststoffe AG","Dur\u00e9e de lecture estim\u00e9e":"2 minutes"},"schema":{"@context":"https:\/\/schema.org","@graph":[{"@type":"Article","@id":"https:\/\/www.swiss-composite.ch\/fr\/saertex-suter-kunststoffe-est-partenaire-de-distribution-en-suisse-2\/#article","isPartOf":{"@id":"https:\/\/www.swiss-composite.ch\/fr\/saertex-suter-kunststoffe-est-partenaire-de-distribution-en-suisse-2\/"},"author":{"name":"Suter Kunststoffe AG","@id":"https:\/\/www.swiss-composite.ch\/fr\/#\/schema\/person\/a646bbcd7ce95b76528e4ba160c9f107"},"headline":"SAERTEX : Suter Kunststoffe est partenaire de distribution en Suisse","datePublished":"2022-06-08T06:17:50+00:00","dateModified":"2022-06-08T06:17:51+00:00","mainEntityOfPage":{"@id":"https:\/\/www.swiss-composite.ch\/fr\/saertex-suter-kunststoffe-est-partenaire-de-distribution-en-suisse-2\/"},"wordCount":380,"image":{"@id":"https:\/\/www.swiss-composite.ch\/fr\/saertex-suter-kunststoffe-est-partenaire-de-distribution-en-suisse-2\/#primaryimage"},"thumbnailUrl":"https:\/\/www.swiss-composite.ch\/wp-content\/uploads\/2021\/12\/Diab_logo_RGB_564x200.jpg","articleSection":["Communiqu\u00e9s de presse","Composite News","Nouveaux produits"],"inLanguage":"fr-FR"},{"@type":"WebPage","@id":"https:\/\/www.swiss-composite.ch\/fr\/saertex-suter-kunststoffe-est-partenaire-de-distribution-en-suisse-2\/","url":"https:\/\/www.swiss-composite.ch\/fr\/saertex-suter-kunststoffe-est-partenaire-de-distribution-en-suisse-2\/","name":"SAERTEX : Suter Kunststoffe est partenaire de distribution en Suisse","isPartOf":{"@id":"https:\/\/www.swiss-composite.ch\/fr\/#website"},"primaryImageOfPage":{"@id":"https:\/\/www.swiss-composite.ch\/fr\/saertex-suter-kunststoffe-est-partenaire-de-distribution-en-suisse-2\/#primaryimage"},"image":{"@id":"https:\/\/www.swiss-composite.ch\/fr\/saertex-suter-kunststoffe-est-partenaire-de-distribution-en-suisse-2\/#primaryimage"},"thumbnailUrl":"https:\/\/www.swiss-composite.ch\/wp-content\/uploads\/2021\/12\/Diab_logo_RGB_564x200.jpg","datePublished":"2022-06-08T06:17:50+00:00","dateModified":"2022-06-08T06:17:51+00:00","author":{"@id":"https:\/\/www.swiss-composite.ch\/fr\/#\/schema\/person\/a646bbcd7ce95b76528e4ba160c9f107"},"description":"Suter Kunststoffe AG est le nouveau partenaire de distribution commerciale pour le march\u00e9 suisse de SAERTEX GmbH & Co.KG.","breadcrumb":{"@id":"https:\/\/www.swiss-composite.ch\/fr\/saertex-suter-kunststoffe-est-partenaire-de-distribution-en-suisse-2\/#breadcrumb"},"inLanguage":"fr-FR","potentialAction":[{"@type":"ReadAction","target":["https:\/\/www.swiss-composite.ch\/fr\/saertex-suter-kunststoffe-est-partenaire-de-distribution-en-suisse-2\/"]}]},{"@type":"ImageObject","inLanguage":"fr-FR","@id":"https:\/\/www.swiss-composite.ch\/fr\/saertex-suter-kunststoffe-est-partenaire-de-distribution-en-suisse-2\/#primaryimage","url":"https:\/\/www.swiss-composite.ch\/wp-content\/uploads\/2021\/12\/Diab_logo_RGB_564x200.jpg","contentUrl":"https:\/\/www.swiss-composite.ch\/wp-content\/uploads\/2021\/12\/Diab_logo_RGB_564x200.jpg","width":564,"height":200},{"@type":"BreadcrumbList","@id":"https:\/\/www.swiss-composite.ch\/fr\/saertex-suter-kunststoffe-est-partenaire-de-distribution-en-suisse-2\/#breadcrumb","itemListElement":[{"@type":"ListItem","position":1,"name":"Home","item":"https:\/\/www.swiss-composite.ch\/fr\/"},{"@type":"ListItem","position":2,"name":"SAERTEX : Suter Kunststoffe est partenaire de distribution en Suisse"}]},{"@type":"WebSite","@id":"https:\/\/www.swiss-composite.ch\/fr\/#website","url":"https:\/\/www.swiss-composite.ch\/fr\/","name":"Suter Kunststoffe AG","description":"Faserverbund- und Fl\u00fcssigkunststoffe","potentialAction":[{"@type":"SearchAction","target":{"@type":"EntryPoint","urlTemplate":"https:\/\/www.swiss-composite.ch\/fr\/?s={search_term_string}"},"query-input":{"@type":"PropertyValueSpecification","valueRequired":true,"valueName":"search_term_string"}}],"inLanguage":"fr-FR"},{"@type":"Person","@id":"https:\/\/www.swiss-composite.ch\/fr\/#\/schema\/person\/a646bbcd7ce95b76528e4ba160c9f107","name":"Suter Kunststoffe AG","image":{"@type":"ImageObject","inLanguage":"fr-FR","@id":"https:\/\/secure.gravatar.com\/avatar\/63ec3aaebfe08e596023d82366a2408d13eca6bfd009f8b95bd27ab6c0c7f295?s=96&d=mm&r=g","url":"https:\/\/secure.gravatar.com\/avatar\/63ec3aaebfe08e596023d82366a2408d13eca6bfd009f8b95bd27ab6c0c7f295?s=96&d=mm&r=g","contentUrl":"https:\/\/secure.gravatar.com\/avatar\/63ec3aaebfe08e596023d82366a2408d13eca6bfd009f8b95bd27ab6c0c7f295?s=96&d=mm&r=g","caption":"Suter Kunststoffe AG"},"url":"https:\/\/www.swiss-composite.ch\/fr\/author\/christian\/"}]}},"_links":{"self":[{"href":"https:\/\/www.swiss-composite.ch\/fr\/wp-json\/wp\/v2\/posts\/44074","targetHints":{"allow":["GET"]}}],"collection":[{"href":"https:\/\/www.swiss-composite.ch\/fr\/wp-json\/wp\/v2\/posts"}],"about":[{"href":"https:\/\/www.swiss-composite.ch\/fr\/wp-json\/wp\/v2\/types\/post"}],"author":[{"embeddable":true,"href":"https:\/\/www.swiss-composite.ch\/fr\/wp-json\/wp\/v2\/users\/4"}],"replies":[{"embeddable":true,"href":"https:\/\/www.swiss-composite.ch\/fr\/wp-json\/wp\/v2\/comments?post=44074"}],"version-history":[{"count":3,"href":"https:\/\/www.swiss-composite.ch\/fr\/wp-json\/wp\/v2\/posts\/44074\/revisions"}],"predecessor-version":[{"id":45502,"href":"https:\/\/www.swiss-composite.ch\/fr\/wp-json\/wp\/v2\/posts\/44074\/revisions\/45502"}],"wp:featuredmedia":[{"embeddable":true,"href":"https:\/\/www.swiss-composite.ch\/fr\/wp-json\/wp\/v2\/media\/44183"}],"wp:attachment":[{"href":"https:\/\/www.swiss-composite.ch\/fr\/wp-json\/wp\/v2\/media?parent=44074"}],"wp:term":[{"taxonomy":"category","embeddable":true,"href":"https:\/\/www.swiss-composite.ch\/fr\/wp-json\/wp\/v2\/categories?post=44074"},{"taxonomy":"post_tag","embeddable":true,"href":"https:\/\/www.swiss-composite.ch\/fr\/wp-json\/wp\/v2\/tags?post=44074"}],"curies":[{"name":"wp","href":"https:\/\/api.w.org\/{rel}","templated":true}]}}